{"id":5807,"date":"2017-10-10T08:58:10","date_gmt":"2017-10-10T08:58:10","guid":{"rendered":"http:\/\/impressionorig.wpengine.com\/interview-meet-the-founders-of-impression-originale\/"},"modified":"2017-10-25T04:27:02","modified_gmt":"2017-10-25T04:27:02","slug":"rencontre-les-fondatrices-dimpression-originale","status":"publish","type":"post","link":"https:\/\/www.impressionoriginale.com\/fr\/rencontre-les-fondatrices-dimpression-originale\/","title":{"rendered":"Rencontre: Les Fondatrices d&rsquo;IMPRESSION ORIGINALE"},"content":{"rendered":"<div class=\"wpb-content-wrapper\"><p>[vc_row][vc_column][vc_empty_space height=\u00a0\u00bb50px\u00a0\u00bb]<>Rencontre avec les Fondatrices<\/><h6>www.theidealist.com<\/h6>[vc_empty_space][\/vc_column][\/vc_row][vc_row][vc_column width=\u00a0\u00bb2\/3\u2033][vc_single_image image=\u00a0\u00bb5790\u2033 img_size=\u00a0\u00bb1800\u00d71800\u2033]<h6>Pr\u00e9sentation<\/h6><h4>IDEALIST: Nous adorons le monde d'Impression Originale. Tout est si original, color\u00e9, et cr\u00e9atif. Parlez-nous de vos d\u00e9buts.<\/h4>[vc_column_text]<\/p>\n<p style=\"text-align: justify;\">MATHILDE: J\u2019avais envie de proposer quelque chose de diff\u00e9rent autour du cadeau. Bien que le papier cadeau soit quelque chose de tr\u00e8s traditionnel, j\u2019ai souhait\u00e9 l\u2019aborder avec une nouvelle philosophie, bas\u00e9e sur des cr\u00e9ations uniques tout en respectant l\u2019environnement et les personnes avec lesquelles nous travaillons.<\/p>\n<p style=\"text-align: justify;\">Quand Claire m\u2019a rejointe, d\u00e8s le d\u00e9but de l\u2019aventure, elle a apport\u00e9 avec elle tout son bagage de cr\u00e9ation design et sa fine compr\u00e9hension des tendances. Elle a \u00e9t\u00e9 \u00e0 bonne \u00e9cole, donc avec elle j\u2019avais la certitude qu\u2019on ne d\u00e9rogerait pas \u00e0 des produits de tr\u00e8s grande qualit\u00e9. Avec le petit suppl\u00e9ment d\u2019\u00e2me qui fait la diff\u00e9rence\u2026<\/p>\n<p>[\/vc_column_text][\/vc_column][vc_column width=\u00a0\u00bb1\/3\u2033][vc_empty_space height=\u00a0\u00bb100px\u00a0\u00bb]<h2>Des d\u00e9buts cr\u00e9atifs<\/h2>[vc_single_image image=\u00a0\u00bb1920\u2033 img_size=\u00a0\u00bbfull\u00a0\u00bb][vc_empty_space height=\u00a0\u00bb10px\u00a0\u00bb]<h4>Bienvenue dans notre monde !<\/h4>[vc_empty_space height=\u00a0\u00bb40px\u00a0\u00bb][vc_column_text]<\/p>\n<p style=\"text-align: center;\"><em>Avec la volont\u00e9 de changer l\u2019ordre \u00e9tabli, Mathilde et Claire ont fond\u00e9 Impression Originale en 2016. La marque propose une offre haut de gamme de papier cadeau exclusif assortie de rubans et noeuds couture.\u00a0<\/em><\/p>\n<p style=\"text-align: center;\"><em>Apr\u00e8s juste une ann\u00e9e d\u2019existence, la marque compte parmi ses distributeurs : le Bon March\u00e9, le Conran Shop, le Centre Pompidou, Harvey Nichols, et S\u00e9zane.<\/em><\/p>\n<p style=\"text-align: center;\"><em>Mathilde nous parle de leur aventure entrepreunariale.<\/em><\/p>\n<p>[\/vc_column_text][\/vc_column][\/vc_row][vc_row][vc_column width=\u00a0\u00bb1\/2\u2033][vc_single_image image=\u00a0\u00bb5602\u2033 img_size=\u00a0\u00bb400\u00d7400\u2033][\/vc_column][vc_column width=\u00a0\u00bb1\/2\u2033][vc_single_image image=\u00a0\u00bb5310\u2033 img_size=\u00a0\u00bb400\u00d7400\u2033][\/vc_column][vc_column][vc_single_image image=\u00a0\u00bb5122\u2033 img_size=\u00a0\u00bbfull\u00a0\u00bb][\/vc_column][\/vc_row][vc_row][vc_column]<h6>Hero\u00efnes Modernes<\/h6><h4>IDEALIST: Expliquez nous ce que repr\u00e9sente votre marque, en quelques mots.<\/h4>[vc_column_text]<\/p>\n<p style=\"text-align: justify;\">De quoi vous souvenez-vous quand vous recevez un cadeau ?<\/p>\n<p style=\"text-align: justify;\">Pour nous, c\u2019est l\u2019\u00e9motion que vous avez ressentie qui va rester. Au del\u00e0 du cadeau, l\u2019attention port\u00e9e \u00e0 sa pr\u00e9sentation et les petits d\u00e9tails qui l\u2019accompagnent sont autant de t\u00e9moignages du temps pass\u00e9 \u00e0 anticiper cette \u00e9motion. Un objet sans papier cadeau ce n\u2019est pas un cadeau. Ce qui transforme un objet en cadeau, c\u2019est le fait qu\u2019il soit emball\u00e9 et remis. Nous sommes donc ce lien l\u00e0, cette \u00e9motion.<\/p>\n<p>[\/vc_column_text][vc_single_image image=\u00a0\u00bb4835\u2033 img_size=\u00a0\u00bbfull\u00a0\u00bb][\/vc_column][\/vc_row][vc_row][vc_column]<h6>Gentil pour l'environnement<\/h6><h4>IDEALIST: Parlez-nous de votre engagement aupr\u00e8s des artistes et votre d\u00e9marche envers l'environnement ?<\/h4>[vc_column_text]<\/p>\n<p style=\"text-align: justify;\">Nous avons b\u00e2ti notre entreprise sur des valeurs qui sont pour nous fondamentales. Nous souhaitons proposer des beaux produits tout en ne d\u00e9rogeant pas \u00e0 notre \u00e9thique. En tant qu\u2019entreprise du XXIe si\u00e8cle nous sommes conscientes et responsables de nos choix environnementaux. C\u2019est pour \u00e7a que nous ne travaillons qu\u2019avec du papier 100% recycl\u00e9 pour nos papiers cadeaux. A chaque d\u00e9cision, nous nous effor\u00e7ons de toujours opter pour la plus vertueuse, que ce soit dans le choix de nos fournisseurs ou l\u2019origine de nos produits. Nous sommes ainsi 100% made in France, pour nos impressions et nos rubans, nous faisons travailler l\u2019hexagone ! En revanche, nous n\u2019avons aucune fronti\u00e8re quand il s\u2019agit de talents\u2026 nos artistes viennent du monde entier, et nous en sommes tr\u00e8s fi\u00e8res.<\/p>\n<p>[\/vc_column_text][vc_single_image image=\u00a0\u00bb4803\u2033 img_size=\u00a0\u00bbfull\u00a0\u00bb][\/vc_column][\/vc_row][vc_row][vc_column width=\u00a0\u00bb1\/2\u2033][vc_single_image image=\u00a0\u00bb5035\u2033 img_size=\u00a0\u00bb400\u00d7400\u2033][\/vc_column][vc_column width=\u00a0\u00bb1\/2\u2033][vc_empty_space height=\u00a0\u00bb150px\u00a0\u00bb][vc_column_text]<\/p>\n<h3>\u00ab\u00a0Nous proposons des designs originaux, imprim\u00e9s en France sur du papier 100% recycl\u00e9.\u00a0\u00bb<\/h3>\n<p>[\/vc_column_text][\/vc_column][vc_column][\/vc_column][\/vc_row][vc_row][vc_column]<h6>Votre communaut\u00e9 d'artistes<\/h6><h4>IDEALIST:<\/h4><h4>Comment choisissez-vous vos artistes ? (nous sommes curieux)<\/h4>[vc_column_text]<\/p>\n<p style=\"text-align: justify;\">CLAIRE : Vous allez \u00eatre surpris\u2026 Nous choisissons nos artistes par coup de coeur, que ce soit le style, les couleurs ou la technique d\u2019une main\u2026 D\u00e8s que l\u2019une de nous deux \u00e0 un coup de coeur nous avan\u00e7ons avec l\u2019artiste en question. Nous sommes aussi souvent sollicit\u00e9es pour des collaborations, ce qui est formidable car c\u2019est un flux continu de cr\u00e9ativit\u00e9.<\/p>\n<p style=\"text-align: justify;\">D\u00e8s qu\u2019un design est s\u00e9lectionn\u00e9, nous travaillons avec l\u2019artiste pour d\u00e9velopper un motif adapt\u00e9 \u00e0 ce que nous consid\u00e9rons \u00eatre notre standard (format, qualit\u00e9 du travail d\u2019illustration).<\/p>\n<p>Nous demandons syst\u00e9matiquement \u00e0 nos artistes de signer leur cr\u00e9ation, c\u2019est quelque chose d\u2019unique ! C\u2019est important \u00e0 souligner, car les artistes sont souvent oubli\u00e9s derri\u00e8re les grandes marques. Pour nous, c\u2019est l\u2019inverse, nous voulons donner la part belle \u00e0 nos formidables artistes.[\/vc_column_text][\/vc_column][\/vc_row][vc_row][vc_column width=\u00a0\u00bb1\/4\u2033]<h6>100% recycl\u00e9 I Ethique I Design Original<\/h6>[vc_empty_space height=\u00a0\u00bb20px\u00a0\u00bb]<h4>IDEALIST: Qu'est-ce qui fait que vos papiers sont originaux ?<\/h4>[vc_empty_space height=\u00a0\u00bb150px\u00a0\u00bb][vc_column_text]<\/p>\n<h3><em>\u00ab\u00a0Notre diff\u00e9rence, c\u2019est d\u2019oser proposer des produits design tout en \u00e9tant 100% respectueux de l\u2019environnement. Le beau devient synonyme de responsable.\u00a0\u00bb<\/em><\/h3>\n<p>[\/vc_column_text][\/vc_column][vc_column width=\u00a0\u00bb3\/4\u2033][vc_single_image image=\u00a0\u00bb5794\u2033 img_size=\u00a0\u00bb600\u00d7500\u2033][vc_column_text]<\/p>\n<p style=\"text-align: justify;\">Pour faire court : nous offrons des design originaux sur du papier 100% recycl\u00e9 de fabrication fran\u00e7aise. Nous sommes inscrites dans une d\u00e9marche durable et responsable.<\/p>\n<p style=\"text-align: justify;\">Nos papiers cadeaux sont imprim\u00e9s sur des grands formats, qui sont 30% plus grands que ce que vous trouvez partout actuellement. Notre papier 100% recycl\u00e9 est dans un grammage sup\u00e9rieur. Cela permet de valoriser notre qualit\u00e9 d\u2019impression m\u00e9canique sur presse. Chaque papier est imprim\u00e9 avec une grille pour faciliter le d\u00e9coupage au verso (on se demande encore pourquoi,\u00a0 \u00e7a n\u2019avait jamais \u00e9t\u00e9 fait avant, c\u2019est tellement pratique !).<\/p>\n<p style=\"text-align: justify;\">Et pour parfaire le tout, nous avons associ\u00e9 chaque papier cadeau avec les rubans assortis. Nous avons r\u00e9fl\u00e9chi \u00e0 des associations de rubans pour un petit et un grand cadeau. Et pour les plus timor\u00e9s, nous avons m\u00eame d\u00e9velopp\u00e9 une gamme de noeuds pr\u00e9form\u00e9s pr\u00eat-\u00e0-poser. Ainsi le r\u00e9sultat est toujours parfait.<\/p>\n<p style=\"text-align: justify;\">Comme mentionn\u00e9 pr\u00e9c\u00e9demment, nous demandons \u00e0 tous nos artistes de signer leur cr\u00e9ation. C\u2019est unique dans le monde du papier cadeau. Il n\u2019y a que Herm\u00e8s qui fait signer ses artistes sur leurs \u00e9charpes et valorise ainsi la cr\u00e9ation ind\u00e9pendante.<\/p>\n<p>[\/vc_column_text][\/vc_column][\/vc_row][vc_row][vc_column]<h6>Vos Projets sur-mesure<\/h6><h4>IDEALIST: Pouvez-vous nous parler un peu des projets sur-mesure sur lesquels vous travaillez ? Quels sont vos clients ?<\/h4>[vc_column_text]<\/p>\n<p style=\"text-align: justify;\">Le Mus\u00e9e Rodin \u00e0 Paris nous a demand\u00e9 de travailler sur un projet surprise. Nous avons d\u00e9velopp\u00e9 un motif sur mesure avec l\u2019une de nos talentueuses artistes bas\u00e9e aux Etats-Unis. Le motif est une interpr\u00e9tation moderne des sublimes sculptures d\u2019Auguste Rodin. Le projet surprise sera disponible dans la boutique du mus\u00e9e Rodin au mois de novembre.<\/p>\n<p style=\"text-align: justify;\">Nous avons une chance infinie d\u2019avoir la possibilit\u00e9 de travailler avec ces mus\u00e9es mythiques qui n\u2019h\u00e9sitent pas \u00e0 faire appel \u00e0 la jeune cr\u00e9ation et \u00e0 \u00e9couter nos id\u00e9es pour int\u00e9grer les nouvelles tendances avec leur art atemporel.<\/p>\n<p style=\"text-align: justify;\">Nous travaillons \u00e9galement en ce moment sur un projet avec le Ch\u00e2teau de Versailles pour d\u00e9velopper des papiers cadeaux sur mesure, inspir\u00e9s de l\u2019iconographie du ch\u00e2teau. Nous sommes les premi\u00e8res fans des commandes que nous avons men\u00e9es en collaboration avec plusieurs artistes pour ce projet d\u2019envergure.\u00a0 Tenez vous pr\u00eats ! Si tout va bien, nous devrions avoir plusieurs papiers cadeaux originaux vendus dans les boutiques de Versailles, d\u00e9but 2018.<\/p>\n<p>[\/vc_column_text][\/vc_column][\/vc_row][vc_row][vc_column]<h6>Planter des graines<\/h6><h4>IDEALIST: Comment se passe le lancement de votre marque ? <\/h4>[vc_column_text]<\/p>\n<p style=\"text-align: justify;\">Nous f\u00eatons nos 1 an ce mois-ci ! Nous sommes ravies de voir l\u2019accueil que re\u00e7oivent nos produits, malgr\u00e9 leur positionnement un peu \u00ab\u00a0niche\u00a0\u00bb. Je pense que ce qui compte aussi c\u2019est la raison pour laquelle nous travaillons et la philosophie en laquelle nous croyons et que nous essayons de faire rayonner. Je pense que les personnes qui y sont sensibles adh\u00e8reront d\u2019autant plus \u00e0 notre d\u00e9marche et \u00e0 nos cr\u00e9ations.<\/p>\n<p style=\"text-align: justify;\">Nous avons l\u2019incroyable chance de travailler avec de tr\u00e8s belles boutiques, en France, au Royaume Uni et aux Etats-Unis ! Nous comptons parmi nos clients : Le Bon March\u00e9 Rive Gauche, le Centre Pompidou avec la librairie Flammarion, le Conran Shop, Harvey Nichols, et S\u00e9zane.<\/p>\n<p style=\"text-align: justify;\">Nous mettons tout en oeuvre pour distribuer Impression Originale dans 10 autres pays, d\u2019ici l\u2019ann\u00e9e prochaine\u2026<\/p>\n<p style=\"text-align: justify;\">Et pour la fin de l\u2019ann\u00e9e, nous allons avoir un Atelier Cadeau Cr\u00e9ateur au Bon March\u00e9, \u00e0 l\u2019espace pap\u00e8terie au 2\u00e8me \u00e9tage, o\u00f9 nous proposerons des services sur-mesure d\u2019emballage cadeau d\u2019exception. Venez faire connaissance !<\/p>\n<p>[\/vc_column_text][vc_single_image image=\u00a0\u00bb5796\u2033 img_size=\u00a0\u00bbfull\u00a0\u00bb][\/vc_column][\/vc_row][vc_row][vc_column][vc_empty_space height=\u00a0\u00bb20px\u00a0\u00bb][vc_separator color=\u00a0\u00bbcustom\u00a0\u00bb el_width=\u00a0\u00bb80\u2033 accent_color=\u00a0\u00bb#999999\u2033]<h6>Article originel - anglais -<\/h6>[vc_column_text]<\/p>\n<p style=\"text-align: center;\"><a href=\"https:\/\/www.theidealist.com\/modern-heroes-impression-originale\/\" target=\"_blank\" rel=\"noopener\">https:\/\/www.theidealist.com\/modern-heroes-impression-originale\/<\/a><\/p>\n<p>[\/vc_column_text][\/vc_column][\/vc_row]<\/p>\n\n\n<\/div>","protected":false},"excerpt":{"rendered":"<p>[vc_row][vc_column][vc_empty_space height=\u00a0\u00bb50px\u00a0\u00bb][vc_empty_space][\/vc_column][\/vc_row][vc_row][vc_column width=\u00a0\u00bb2\/3\u2033][vc_single_image image=\u00a0\u00bb5790\u2033 img_size=\u00a0\u00bb1800\u00d71800\u2033][vc_column_text] MATHILDE: J\u2019avais envie de proposer quelque chose de diff\u00e9rent autour du cadeau. Bien que le papier cadeau soit quelque chose de tr\u00e8s traditionnel, j\u2019ai souhait\u00e9 l\u2019aborder avec une nouvelle philosophie, bas\u00e9e sur des cr\u00e9ations uniques tout en respectant l\u2019environnement et les personnes avec lesquelles nous travaillons. Quand Claire m\u2019a rejointe, [&hellip;]<\/p>\n","protected":false},"author":3,"featured_media":5498,"comment_status":"closed","ping_status":"closed","sticky":false,"template":"","format":"standard","meta":{"footnotes":""},"categories":[428],"tags":[600,601,602,603,432,582,604],"class_list":["post-5807","post","type-post","status-publish","format-standard","has-post-thumbnail","hentry","category-behind-the-scenes-fr","tag-100-recycled-fr","tag-claire-fr","tag-ethical-fr","tag-founders-fr","tag-impression-originale-fr","tag-interview-fr","tag-mathilde-fr"],"yoast_head":"<!-- This site is optimized with the Yoast SEO plugin v27.5 - https:\/\/yoast.com\/product\/yoast-seo-wordpress\/ -->\n<title>Rencontre: Les Fondatrices d&#039;IMPRESSION ORIGINALE - Impression Originale<\/title>\n<meta name=\"robots\" content=\"index, follow, max-snippet:-1, max-image-preview:large, max-video-preview:-1\" \/>\n<link rel=\"canonical\" href=\"https:\/\/www.impressionoriginale.com\/fr\/rencontre-les-fondatrices-dimpression-originale\/\" \/>\n<meta property=\"og:locale\" content=\"fr_FR\" \/>\n<meta property=\"og:type\" content=\"article\" \/>\n<meta property=\"og:title\" content=\"Rencontre: Les Fondatrices d&#039;IMPRESSION ORIGINALE - Impression Originale\" \/>\n<meta property=\"og:description\" content=\"[vc_row][vc_column][vc_empty_space height=\u00a0\u00bb50px\u00a0\u00bb][vc_empty_space][\/vc_column][\/vc_row][vc_row][vc_column width=\u00a0\u00bb2\/3\u2033][vc_single_image image=\u00a0\u00bb5790\u2033 img_size=\u00a0\u00bb1800\u00d71800\u2033][vc_column_text] MATHILDE: J\u2019avais envie de proposer quelque chose de diff\u00e9rent autour du cadeau. Bien que le papier cadeau soit quelque chose de tr\u00e8s traditionnel, j\u2019ai souhait\u00e9 l\u2019aborder avec une nouvelle philosophie, bas\u00e9e sur des cr\u00e9ations uniques tout en respectant l\u2019environnement et les personnes avec lesquelles nous travaillons. Quand Claire m\u2019a rejointe, [&hellip;]\" \/>\n<meta property=\"og:url\" content=\"https:\/\/www.impressionoriginale.com\/fr\/rencontre-les-fondatrices-dimpression-originale\/\" \/>\n<meta property=\"og:site_name\" content=\"Impression Originale\" \/>\n<meta property=\"article:published_time\" content=\"2017-10-10T08:58:10+00:00\" \/>\n<meta property=\"article:modified_time\" content=\"2017-10-25T04:27:02+00:00\" \/>\n<meta property=\"og:image\" content=\"https:\/\/www.impressionoriginale.com\/wp-content\/uploads\/2017\/08\/IMPRESSION_ORIGINALE_mail_conf_commande-1.jpg\" \/>\n\t<meta property=\"og:image:width\" content=\"1068\" \/>\n\t<meta property=\"og:image:height\" content=\"751\" \/>\n\t<meta property=\"og:image:type\" content=\"image\/jpeg\" \/>\n<meta name=\"author\" content=\"Mathilde Habert\" \/>\n<meta name=\"twitter:card\" content=\"summary_large_image\" \/>\n<meta name=\"twitter:label1\" content=\"\u00c9crit par\" \/>\n\t<meta name=\"twitter:data1\" content=\"Mathilde Habert\" \/>\n\t<meta name=\"twitter:label2\" content=\"Dur\u00e9e de lecture estim\u00e9e\" \/>\n\t<meta name=\"twitter:data2\" content=\"9 minutes\" \/>\n<script type=\"application\/ld+json\" class=\"yoast-schema-graph\">{\"@context\":\"https:\\\/\\\/schema.org\",\"@graph\":[{\"@type\":\"Article\",\"@id\":\"https:\\\/\\\/www.impressionoriginale.com\\\/fr\\\/rencontre-les-fondatrices-dimpression-originale\\\/#article\",\"isPartOf\":{\"@id\":\"https:\\\/\\\/www.impressionoriginale.com\\\/fr\\\/rencontre-les-fondatrices-dimpression-originale\\\/\"},\"author\":{\"name\":\"Mathilde Habert\",\"@id\":\"https:\\\/\\\/www.impressionoriginale.com\\\/fr\\\/#\\\/schema\\\/person\\\/1d8623743523354336bb2fc17445e39c\"},\"headline\":\"Rencontre: Les Fondatrices d&rsquo;IMPRESSION ORIGINALE\",\"datePublished\":\"2017-10-10T08:58:10+00:00\",\"dateModified\":\"2017-10-25T04:27:02+00:00\",\"mainEntityOfPage\":{\"@id\":\"https:\\\/\\\/www.impressionoriginale.com\\\/fr\\\/rencontre-les-fondatrices-dimpression-originale\\\/\"},\"wordCount\":1850,\"publisher\":{\"@id\":\"https:\\\/\\\/www.impressionoriginale.com\\\/fr\\\/#organization\"},\"image\":{\"@id\":\"https:\\\/\\\/www.impressionoriginale.com\\\/fr\\\/rencontre-les-fondatrices-dimpression-originale\\\/#primaryimage\"},\"thumbnailUrl\":\"https:\\\/\\\/www.impressionoriginale.com\\\/wp-content\\\/uploads\\\/2017\\\/08\\\/IMPRESSION_ORIGINALE_mail_conf_commande-1.jpg\",\"keywords\":[\"100% recycled\",\"Claire\",\"ethical\",\"founders\",\"impression originale\",\"interview\",\"Mathilde\"],\"articleSection\":[\"Behind the Scenes\"],\"inLanguage\":\"fr-FR\"},{\"@type\":\"WebPage\",\"@id\":\"https:\\\/\\\/www.impressionoriginale.com\\\/fr\\\/rencontre-les-fondatrices-dimpression-originale\\\/\",\"url\":\"https:\\\/\\\/www.impressionoriginale.com\\\/fr\\\/rencontre-les-fondatrices-dimpression-originale\\\/\",\"name\":\"Rencontre: Les Fondatrices d'IMPRESSION ORIGINALE - Impression Originale\",\"isPartOf\":{\"@id\":\"https:\\\/\\\/www.impressionoriginale.com\\\/fr\\\/#website\"},\"primaryImageOfPage\":{\"@id\":\"https:\\\/\\\/www.impressionoriginale.com\\\/fr\\\/rencontre-les-fondatrices-dimpression-originale\\\/#primaryimage\"},\"image\":{\"@id\":\"https:\\\/\\\/www.impressionoriginale.com\\\/fr\\\/rencontre-les-fondatrices-dimpression-originale\\\/#primaryimage\"},\"thumbnailUrl\":\"https:\\\/\\\/www.impressionoriginale.com\\\/wp-content\\\/uploads\\\/2017\\\/08\\\/IMPRESSION_ORIGINALE_mail_conf_commande-1.jpg\",\"datePublished\":\"2017-10-10T08:58:10+00:00\",\"dateModified\":\"2017-10-25T04:27:02+00:00\",\"breadcrumb\":{\"@id\":\"https:\\\/\\\/www.impressionoriginale.com\\\/fr\\\/rencontre-les-fondatrices-dimpression-originale\\\/#breadcrumb\"},\"inLanguage\":\"fr-FR\",\"potentialAction\":[{\"@type\":\"ReadAction\",\"target\":[\"https:\\\/\\\/www.impressionoriginale.com\\\/fr\\\/rencontre-les-fondatrices-dimpression-originale\\\/\"]}]},{\"@type\":\"ImageObject\",\"inLanguage\":\"fr-FR\",\"@id\":\"https:\\\/\\\/www.impressionoriginale.com\\\/fr\\\/rencontre-les-fondatrices-dimpression-originale\\\/#primaryimage\",\"url\":\"https:\\\/\\\/www.impressionoriginale.com\\\/wp-content\\\/uploads\\\/2017\\\/08\\\/IMPRESSION_ORIGINALE_mail_conf_commande-1.jpg\",\"contentUrl\":\"https:\\\/\\\/www.impressionoriginale.com\\\/wp-content\\\/uploads\\\/2017\\\/08\\\/IMPRESSION_ORIGINALE_mail_conf_commande-1.jpg\",\"width\":1068,\"height\":751},{\"@type\":\"BreadcrumbList\",\"@id\":\"https:\\\/\\\/www.impressionoriginale.com\\\/fr\\\/rencontre-les-fondatrices-dimpression-originale\\\/#breadcrumb\",\"itemListElement\":[{\"@type\":\"ListItem\",\"position\":1,\"name\":\"Home\",\"item\":\"https:\\\/\\\/www.impressionoriginale.com\\\/fr\\\/\"},{\"@type\":\"ListItem\",\"position\":2,\"name\":\"Rencontre: Les Fondatrices d&#8217;IMPRESSION ORIGINALE\"}]},{\"@type\":\"WebSite\",\"@id\":\"https:\\\/\\\/www.impressionoriginale.com\\\/fr\\\/#website\",\"url\":\"https:\\\/\\\/www.impressionoriginale.com\\\/fr\\\/\",\"name\":\"Impression Originale\",\"description\":\"The art of gifting has a new name. The online store for all your wrapping cravings.\",\"publisher\":{\"@id\":\"https:\\\/\\\/www.impressionoriginale.com\\\/fr\\\/#organization\"},\"potentialAction\":[{\"@type\":\"SearchAction\",\"target\":{\"@type\":\"EntryPoint\",\"urlTemplate\":\"https:\\\/\\\/www.impressionoriginale.com\\\/fr\\\/?s={search_term_string}\"},\"query-input\":{\"@type\":\"PropertyValueSpecification\",\"valueRequired\":true,\"valueName\":\"search_term_string\"}}],\"inLanguage\":\"fr-FR\"},{\"@type\":\"Organization\",\"@id\":\"https:\\\/\\\/www.impressionoriginale.com\\\/fr\\\/#organization\",\"name\":\"Impression Originale\",\"url\":\"https:\\\/\\\/www.impressionoriginale.com\\\/fr\\\/\",\"logo\":{\"@type\":\"ImageObject\",\"inLanguage\":\"fr-FR\",\"@id\":\"https:\\\/\\\/www.impressionoriginale.com\\\/fr\\\/#\\\/schema\\\/logo\\\/image\\\/\",\"url\":\"https:\\\/\\\/www.impressionoriginale.com\\\/wp-content\\\/uploads\\\/2021\\\/08\\\/LOGO-2020-BLACK.png\",\"contentUrl\":\"https:\\\/\\\/www.impressionoriginale.com\\\/wp-content\\\/uploads\\\/2021\\\/08\\\/LOGO-2020-BLACK.png\",\"width\":567,\"height\":567,\"caption\":\"Impression Originale\"},\"image\":{\"@id\":\"https:\\\/\\\/www.impressionoriginale.com\\\/fr\\\/#\\\/schema\\\/logo\\\/image\\\/\"}},{\"@type\":\"Person\",\"@id\":\"https:\\\/\\\/www.impressionoriginale.com\\\/fr\\\/#\\\/schema\\\/person\\\/1d8623743523354336bb2fc17445e39c\",\"name\":\"Mathilde Habert\",\"image\":{\"@type\":\"ImageObject\",\"inLanguage\":\"fr-FR\",\"@id\":\"https:\\\/\\\/secure.gravatar.com\\\/avatar\\\/36920d30d05d5cc3172ef523b451fbc320a9131ca987a89e5636a515e4819fa8?s=96&d=mm&r=g\",\"url\":\"https:\\\/\\\/secure.gravatar.com\\\/avatar\\\/36920d30d05d5cc3172ef523b451fbc320a9131ca987a89e5636a515e4819fa8?s=96&d=mm&r=g\",\"contentUrl\":\"https:\\\/\\\/secure.gravatar.com\\\/avatar\\\/36920d30d05d5cc3172ef523b451fbc320a9131ca987a89e5636a515e4819fa8?s=96&d=mm&r=g\",\"caption\":\"Mathilde Habert\"}}]}<\/script>\n<!-- \/ Yoast SEO plugin. -->","yoast_head_json":{"title":"Rencontre: Les Fondatrices d'IMPRESSION ORIGINALE - Impression Originale","robots":{"index":"index","follow":"follow","max-snippet":"max-snippet:-1","max-image-preview":"max-image-preview:large","max-video-preview":"max-video-preview:-1"},"canonical":"https:\/\/www.impressionoriginale.com\/fr\/rencontre-les-fondatrices-dimpression-originale\/","og_locale":"fr_FR","og_type":"article","og_title":"Rencontre: Les Fondatrices d'IMPRESSION ORIGINALE - Impression Originale","og_description":"[vc_row][vc_column][vc_empty_space height=\u00a0\u00bb50px\u00a0\u00bb][vc_empty_space][\/vc_column][\/vc_row][vc_row][vc_column width=\u00a0\u00bb2\/3\u2033][vc_single_image image=\u00a0\u00bb5790\u2033 img_size=\u00a0\u00bb1800\u00d71800\u2033][vc_column_text] MATHILDE: J\u2019avais envie de proposer quelque chose de diff\u00e9rent autour du cadeau. Bien que le papier cadeau soit quelque chose de tr\u00e8s traditionnel, j\u2019ai souhait\u00e9 l\u2019aborder avec une nouvelle philosophie, bas\u00e9e sur des cr\u00e9ations uniques tout en respectant l\u2019environnement et les personnes avec lesquelles nous travaillons. Quand Claire m\u2019a rejointe, [&hellip;]","og_url":"https:\/\/www.impressionoriginale.com\/fr\/rencontre-les-fondatrices-dimpression-originale\/","og_site_name":"Impression Originale","article_published_time":"2017-10-10T08:58:10+00:00","article_modified_time":"2017-10-25T04:27:02+00:00","og_image":[{"width":1068,"height":751,"url":"https:\/\/www.impressionoriginale.com\/wp-content\/uploads\/2017\/08\/IMPRESSION_ORIGINALE_mail_conf_commande-1.jpg","type":"image\/jpeg"}],"author":"Mathilde Habert","twitter_card":"summary_large_image","twitter_misc":{"\u00c9crit par":"Mathilde Habert","Dur\u00e9e de lecture estim\u00e9e":"9 minutes"},"schema":{"@context":"https:\/\/schema.org","@graph":[{"@type":"Article","@id":"https:\/\/www.impressionoriginale.com\/fr\/rencontre-les-fondatrices-dimpression-originale\/#article","isPartOf":{"@id":"https:\/\/www.impressionoriginale.com\/fr\/rencontre-les-fondatrices-dimpression-originale\/"},"author":{"name":"Mathilde Habert","@id":"https:\/\/www.impressionoriginale.com\/fr\/#\/schema\/person\/1d8623743523354336bb2fc17445e39c"},"headline":"Rencontre: Les Fondatrices d&rsquo;IMPRESSION ORIGINALE","datePublished":"2017-10-10T08:58:10+00:00","dateModified":"2017-10-25T04:27:02+00:00","mainEntityOfPage":{"@id":"https:\/\/www.impressionoriginale.com\/fr\/rencontre-les-fondatrices-dimpression-originale\/"},"wordCount":1850,"publisher":{"@id":"https:\/\/www.impressionoriginale.com\/fr\/#organization"},"image":{"@id":"https:\/\/www.impressionoriginale.com\/fr\/rencontre-les-fondatrices-dimpression-originale\/#primaryimage"},"thumbnailUrl":"https:\/\/www.impressionoriginale.com\/wp-content\/uploads\/2017\/08\/IMPRESSION_ORIGINALE_mail_conf_commande-1.jpg","keywords":["100% recycled","Claire","ethical","founders","impression originale","interview","Mathilde"],"articleSection":["Behind the Scenes"],"inLanguage":"fr-FR"},{"@type":"WebPage","@id":"https:\/\/www.impressionoriginale.com\/fr\/rencontre-les-fondatrices-dimpression-originale\/","url":"https:\/\/www.impressionoriginale.com\/fr\/rencontre-les-fondatrices-dimpression-originale\/","name":"Rencontre: Les Fondatrices d'IMPRESSION ORIGINALE - Impression Originale","isPartOf":{"@id":"https:\/\/www.impressionoriginale.com\/fr\/#website"},"primaryImageOfPage":{"@id":"https:\/\/www.impressionoriginale.com\/fr\/rencontre-les-fondatrices-dimpression-originale\/#primaryimage"},"image":{"@id":"https:\/\/www.impressionoriginale.com\/fr\/rencontre-les-fondatrices-dimpression-originale\/#primaryimage"},"thumbnailUrl":"https:\/\/www.impressionoriginale.com\/wp-content\/uploads\/2017\/08\/IMPRESSION_ORIGINALE_mail_conf_commande-1.jpg","datePublished":"2017-10-10T08:58:10+00:00","dateModified":"2017-10-25T04:27:02+00:00","breadcrumb":{"@id":"https:\/\/www.impressionoriginale.com\/fr\/rencontre-les-fondatrices-dimpression-originale\/#breadcrumb"},"inLanguage":"fr-FR","potentialAction":[{"@type":"ReadAction","target":["https:\/\/www.impressionoriginale.com\/fr\/rencontre-les-fondatrices-dimpression-originale\/"]}]},{"@type":"ImageObject","inLanguage":"fr-FR","@id":"https:\/\/www.impressionoriginale.com\/fr\/rencontre-les-fondatrices-dimpression-originale\/#primaryimage","url":"https:\/\/www.impressionoriginale.com\/wp-content\/uploads\/2017\/08\/IMPRESSION_ORIGINALE_mail_conf_commande-1.jpg","contentUrl":"https:\/\/www.impressionoriginale.com\/wp-content\/uploads\/2017\/08\/IMPRESSION_ORIGINALE_mail_conf_commande-1.jpg","width":1068,"height":751},{"@type":"BreadcrumbList","@id":"https:\/\/www.impressionoriginale.com\/fr\/rencontre-les-fondatrices-dimpression-originale\/#breadcrumb","itemListElement":[{"@type":"ListItem","position":1,"name":"Home","item":"https:\/\/www.impressionoriginale.com\/fr\/"},{"@type":"ListItem","position":2,"name":"Rencontre: Les Fondatrices d&#8217;IMPRESSION ORIGINALE"}]},{"@type":"WebSite","@id":"https:\/\/www.impressionoriginale.com\/fr\/#website","url":"https:\/\/www.impressionoriginale.com\/fr\/","name":"Impression Originale","description":"The art of gifting has a new name. The online store for all your wrapping cravings.","publisher":{"@id":"https:\/\/www.impressionoriginale.com\/fr\/#organization"},"potentialAction":[{"@type":"SearchAction","target":{"@type":"EntryPoint","urlTemplate":"https:\/\/www.impressionoriginale.com\/fr\/?s={search_term_string}"},"query-input":{"@type":"PropertyValueSpecification","valueRequired":true,"valueName":"search_term_string"}}],"inLanguage":"fr-FR"},{"@type":"Organization","@id":"https:\/\/www.impressionoriginale.com\/fr\/#organization","name":"Impression Originale","url":"https:\/\/www.impressionoriginale.com\/fr\/","logo":{"@type":"ImageObject","inLanguage":"fr-FR","@id":"https:\/\/www.impressionoriginale.com\/fr\/#\/schema\/logo\/image\/","url":"https:\/\/www.impressionoriginale.com\/wp-content\/uploads\/2021\/08\/LOGO-2020-BLACK.png","contentUrl":"https:\/\/www.impressionoriginale.com\/wp-content\/uploads\/2021\/08\/LOGO-2020-BLACK.png","width":567,"height":567,"caption":"Impression Originale"},"image":{"@id":"https:\/\/www.impressionoriginale.com\/fr\/#\/schema\/logo\/image\/"}},{"@type":"Person","@id":"https:\/\/www.impressionoriginale.com\/fr\/#\/schema\/person\/1d8623743523354336bb2fc17445e39c","name":"Mathilde Habert","image":{"@type":"ImageObject","inLanguage":"fr-FR","@id":"https:\/\/secure.gravatar.com\/avatar\/36920d30d05d5cc3172ef523b451fbc320a9131ca987a89e5636a515e4819fa8?s=96&d=mm&r=g","url":"https:\/\/secure.gravatar.com\/avatar\/36920d30d05d5cc3172ef523b451fbc320a9131ca987a89e5636a515e4819fa8?s=96&d=mm&r=g","contentUrl":"https:\/\/secure.gravatar.com\/avatar\/36920d30d05d5cc3172ef523b451fbc320a9131ca987a89e5636a515e4819fa8?s=96&d=mm&r=g","caption":"Mathilde Habert"}}]}},"_links":{"self":[{"href":"https:\/\/www.impressionoriginale.com\/fr\/wp-json\/wp\/v2\/posts\/5807","targetHints":{"allow":["GET"]}}],"collection":[{"href":"https:\/\/www.impressionoriginale.com\/fr\/wp-json\/wp\/v2\/posts"}],"about":[{"href":"https:\/\/www.impressionoriginale.com\/fr\/wp-json\/wp\/v2\/types\/post"}],"author":[{"embeddable":true,"href":"https:\/\/www.impressionoriginale.com\/fr\/wp-json\/wp\/v2\/users\/3"}],"replies":[{"embeddable":true,"href":"https:\/\/www.impressionoriginale.com\/fr\/wp-json\/wp\/v2\/comments?post=5807"}],"version-history":[{"count":0,"href":"https:\/\/www.impressionoriginale.com\/fr\/wp-json\/wp\/v2\/posts\/5807\/revisions"}],"wp:featuredmedia":[{"embeddable":true,"href":"https:\/\/www.impressionoriginale.com\/fr\/wp-json\/wp\/v2\/media\/5498"}],"wp:attachment":[{"href":"https:\/\/www.impressionoriginale.com\/fr\/wp-json\/wp\/v2\/media?parent=5807"}],"wp:term":[{"taxonomy":"category","embeddable":true,"href":"https:\/\/www.impressionoriginale.com\/fr\/wp-json\/wp\/v2\/categories?post=5807"},{"taxonomy":"post_tag","embeddable":true,"href":"https:\/\/www.impressionoriginale.com\/fr\/wp-json\/wp\/v2\/tags?post=5807"}],"curies":[{"name":"wp","href":"https:\/\/api.w.org\/{rel}","templated":true}]}}