{"id":9286,"date":"2020-11-19T18:25:40","date_gmt":"2020-11-19T18:25:40","guid":{"rendered":"https:\/\/impressionorig.wpengine.com\/?p=9286"},"modified":"2021-02-18T09:01:45","modified_gmt":"2021-02-18T09:01:45","slug":"visite-datelier-cut-fold","status":"publish","type":"post","link":"https:\/\/www.impressionoriginale.com\/fr\/visite-datelier-cut-fold\/","title":{"rendered":"Visite d&rsquo;atelier : Cut &#038; Fold"},"content":{"rendered":"<div class=\"wpb-content-wrapper\"><p>[vc_row][vc_column][vc_empty_space height=\u00a0\u00bb50px\u00a0\u00bb]<>Un monde en papier<\/><h6>depuis Toledo (Espagne)<\/h6>[vc_empty_space][\/vc_column][\/vc_row][vc_row][vc_column width=\u00a0\u00bb2\/3\u2033][vc_single_image image=\u00a0\u00bb9257\u2033 img_size=\u00a0\u00bb1800\u00d71800\u2033]<h6>FAISONS LES PRESENTATIONS<\/h6>[vc_empty_space height=\u00a0\u00bb20px\u00a0\u00bb]<h4>Bonjour Elsa, et si on commen\u00e7ait par parler un peu de vous ?<\/h4>[vc_column_text]<\/p>\n<p style=\"text-align: justify;\">Je suis originaire de Vend\u00e9e et depuis toute petite j\u2019ai toujours aim\u00e9 cr\u00e9er de mes 10 doigts des objets, bijoux, tissages\u2026 Sans m\u2019en rendre compte, le papier m\u2019a ensuite accompagn\u00e9e tout au long de mes \u00e9tudes de design \u00e0 l\u2019\u00e9cole Boulle puis en \u00e9cole d\u2019architecture. C\u2019\u00e9tait le mat\u00e9riau parfait pour r\u00e9aliser toutes les maquettes de recherches, \u00e0 la fois \u00e9conomique et offrant des possibilit\u00e9s infinies de formes et de textures selon son pliage ou assemblage. Cela me fascine encore aujourd\u2019hui !<\/p>\n<p>En parall\u00e8le de ma profession d\u2019architecte d\u2019int\u00e9rieur j\u2019ai commenc\u00e9 en 2015 \u00e0 r\u00e9aliser des luminaires en papier inspir\u00e9s de la technique de pliage origami pour r\u00e9pondre \u00e0 mon besoin toujours pr\u00e9sent de cr\u00e9er de mes propres mains.<\/p>\n<p>De l\u00e0 est n\u00e9 Cut &amp; Fold que je continue de d\u00e9velopper aujourd\u2019hui en explorant les possibilit\u00e9s du papier en 3D pour r\u00e9aliser vitrines, d\u00e9corations d\u2019\u00e9v\u00e9nement et objets pour \u00e9gayer nos int\u00e9rieurs. Mon travail oscille entre les\u00a0lignes \u00e9pur\u00e9es des volumes g\u00e9om\u00e9triques cr\u00e9\u00e9s par le pliage du papier et des cr\u00e9ations plus figuratives inspir\u00e9es de la nature notamment. J\u2019adore jouer avec les \u00e9chelles des objets que je cr\u00e9er et utiliser des papiers color\u00e9s ou avec de jolis motifs\u2026 bref je ne suis pas pr\u00eate de me lasser de ce mat\u00e9riau si simple mais tellement versatile ![\/vc_column_text][vc_empty_space height=\u00a0\u00bb20px\u00a0\u00bb]<h4>Avant toute chose, puisque c'est de saison : vous aimez No\u00ebl ?<\/h4>[vc_column_text]J\u2019adore No\u00ebl, ou plut\u00f4t toute la p\u00e9riode de pr\u00e9paratifs qui pr\u00e9c\u00e8de et fait monter l\u2019excitation jusqu\u2019au jour J ! D\u00e9corer la maison, pr\u00e9parer les cadeaux, cuisiner des petits sabl\u00e9s\u2026 Toute cette effervescence pour arriver enfin au d\u00e9ballage des cadeaux et aux longs repas en famille ![\/vc_column_text][vc_empty_space height=\u00a0\u00bb20px\u00a0\u00bb]<h4>Quel est le plus beau cadeau que vous n'ayez jamais re\u00e7u ?<\/h4>[vc_column_text]Le plus inattendu, mais non moins utile : Une perceuse \u00e9lectrique ! \u00c7a d\u00e9tonnait au milieu des cadeaux plus classiques sous le sapin ;)[\/vc_column_text][vc_empty_space height=\u00a0\u00bb20px\u00a0\u00bb]<h4>Et le plus fou que vous ayez offert ?<\/h4>[vc_column_text]Je me souviens surtout de la premi\u00e8re fois o\u00f9 j\u2019ai pu faire un cadeau, enfant, apr\u00e8s avoir d\u00e9couvert que \u2013 SPOILER ALERT \u2013 le P\u00e8re No\u00ebl n\u2019existait pas. Loin d\u2019\u00eatre triste, j\u2019\u00e9tais toute excit\u00e9e et heureuse lorsque mon p\u00e8re m\u2019a embarqu\u00e9e dans ma premi\u00e8re \u201cmission de lutin du P\u00e8re No\u00ebl\u201d pour l\u2019aider \u00e0 choisir un bijou pour ma m\u00e8re.[\/vc_column_text][\/vc_column][vc_column width=\u00a0\u00bb1\/3\u2033][vc_empty_space height=\u00a0\u00bb100px\u00a0\u00bb]<h2>Voici Elsa<\/h2>[vc_empty_space height=\u00a0\u00bb50px\u00a0\u00bb][vc_single_image image=\u00a0\u00bb9290\u2033 img_size=\u00a0\u00bbfull\u00a0\u00bb][vc_empty_space height=\u00a0\u00bb50px\u00a0\u00bb]<h4>Hola<\/h4>[vc_column_text]<\/p>\n<p style=\"text-align: center;\"><em>\u00ab\u00a0Je ne partage que mon pr\u00e9nom avec la Reine des Neige \ud83d\ude09 pour moi ce sera le Feu !\u00a0\u00bb<\/em><\/p>\n<p>[\/vc_column_text][vc_empty_space height=\u00a0\u00bb50px\u00a0\u00bb][vc_single_image image=\u00a0\u00bb9247\u2033 img_size=\u00a0\u00bbfull\u00a0\u00bb][vc_single_image image=\u00a0\u00bb9261\u2033 img_size=\u00a0\u00bbfull\u00a0\u00bb][vc_single_image image=\u00a0\u00bb9265\u2033 img_size=\u00a0\u00bbfull\u00a0\u00bb][vc_single_image image=\u00a0\u00bb9280\u2033 img_size=\u00a0\u00bbfull\u00a0\u00bb][\/vc_column][\/vc_row][vc_row][vc_column width=\u00a0\u00bb1\/2\u2033][vc_single_image image=\u00a0\u00bb9255\u2033 img_size=\u00a0\u00bb400\u00d7400\u2033][\/vc_column][vc_column width=\u00a0\u00bb1\/2\u2033][vc_single_image image=\u00a0\u00bb9263\u2033 img_size=\u00a0\u00bb400\u00d7400\u2033][\/vc_column][vc_column][vc_single_image image=\u00a0\u00bb9249\u2033 img_size=\u00a0\u00bbfull\u00a0\u00bb][\/vc_column][\/vc_row][vc_row][vc_column]<h6>VIVE LE VENT D'HIVER<\/h6><h4>Si vous ne pouviez faire qu'une seule cr\u00e9ation de papier pour No\u00ebl, \u00e7a serait quoi ?<\/h4>[vc_column_text]Sans h\u00e9siter, un calendrier de l\u2019avent ! C\u2019est l\u2019objet essentiel pour attendre No\u00ebl tout en d\u00e9corant nos int\u00e9rieurs. Qui ne r\u00eave pas d\u2019une for\u00eat de sapins o\u00f9 cacher des friandises, ou d\u2019une collection de petites maisons \u00e0 \u00e9clairer chaque soir pour recr\u00e9er tout un village le 24 d\u00e9cembre ? Moi oui.[\/vc_column_text][vc_single_image image=\u00a0\u00bb9267\u2033 img_size=\u00a0\u00bbfull\u00a0\u00bb]<h4>Quel est votre film de No\u00ebl pr\u00e9f\u00e9r\u00e9 ?<\/h4>[vc_column_text]La saga Harry Potter, parfaite pour petits et grands, \u00e0 regarder bien au chaud sous un plaid.[\/vc_column_text][vc_single_image image=\u00a0\u00bb9245\u2033 img_size=\u00a0\u00bbfull\u00a0\u00bb]<h4>Dans votre imaginaire, No\u00ebl c'est : la montagne, une raclette et feu de bois ou Disneyland, bonbon et dessin anim\u00e9 ?<\/h4>[vc_column_text]<\/p>\n<p style=\"text-align: right;\">Pour moi No\u00ebl a toujours \u00e9t\u00e9 une p\u00e9riode inspirante et ultra cr\u00e9ative, tout est pr\u00e9texte pour \u201cfaire\u201d: une ballade dans la for\u00eat pour ramasser des branches de houx et en faire une belle couronne, un apr\u00e8s-midi de loisirs cr\u00e9atifs pour d\u00e9corer le sapin, une soir\u00e9e \u00e0 cuisiner bien au chaud\u2026 Et d\u2019un point de vue professionnel c\u2019est LE moment de l\u2019ann\u00e9e o\u00f9 prennent vie les plus belles vitrines de magasin, la magie de No\u00ebl permet les cr\u00e9ations les plus folles, c\u2019est tellement inspirant !<\/p>\n<p>[\/vc_column_text][\/vc_column][\/vc_row][vc_row][vc_column][vc_single_image image=\u00a0\u00bb9241\u2033 img_size=\u00a0\u00bbfull\u00a0\u00bb]<h6>NOEL ESPAGNOL<\/h6><h4>Vous habitez \u00e0 Toledo : parlez-nous de votre No\u00ebl espagnol ?<\/h4>[vc_column_text]En Espagne No\u00ebl se fait un peu voler la vedette par 2 autres c\u00e9l\u00e9brations tr\u00e8s ancr\u00e9es dans les traditions : le r\u00e9veillon du 31, o\u00f9 tout le pays mange 12 grains de raisin \u00e0 minuit pour s\u2019assurer une bonne nouvelle ann\u00e9e, et la venue des Rois Mages le 6 janvier. En France on mange la galette des rois, en Espagne c\u2019est la distribution des cadeaux \u00e0 ce moment-l\u00e0 ![\/vc_column_text][vc_single_image image=\u00a0\u00bb9239\u2033 img_size=\u00a0\u00bbfull\u00a0\u00bb][\/vc_column][\/vc_row][vc_row][vc_column]<h6>L'ART DES CADEAUX<\/h6><h4>Comment emballez-vous vos cadeaux ?<\/h4>[vc_column_text]Avec beaucoup d\u2019amour, \u00e9videmment ! Quel que soit le cadeau on dit bien que c\u2019est l\u2019intention qui compte, et cette intention se refl\u00e8te dans chaque d\u00e9tail du paquet : un joli papier, un ruban assorti, une \u00e9tiquette personnalis\u00e9e\u2026 Et l\u2019emballage rel\u00e8ve aussi de l\u2019art et de la technique du pliage du papier, ce qui me conna\u00eet bien ! ;)[\/vc_column_text][\/vc_column][\/vc_row][vc_row][vc_column width=\u00a0\u00bb1\/4\u2033]<h6>LES FINITIONS<\/h6><h4>Vous \u00eates plut\u00f4t ruban ou noeud ?<\/h4>[vc_column_text]<\/p>\n<p style=\"text-align: right;\">Plut\u00f4t ruban, j\u2019aime beaucoup lorsqu\u2019il contraste avec le papier qu\u2019il entoure.<\/p>\n<p>[\/vc_column_text][vc_empty_space height=\u00a0\u00bb20px\u00a0\u00bb]<h4>Alors un ruban satin ou organza ?<\/h4>[vc_column_text]Joker\u2026 gros coup de c\u0153ur pour le velours ! C\u2019est la mati\u00e8re parfaite en hiver, et quelle \u00e9l\u00e9gance.[\/vc_column_text][vc_empty_space height=\u00a0\u00bb20px\u00a0\u00bb][\/vc_column][vc_column width=\u00a0\u00bb3\/4\u2033][vc_single_image image=\u00a0\u00bb9243\u2033 img_size=\u00a0\u00bbfull\u00a0\u00bb][\/vc_column][\/vc_row][vc_row][vc_column]<h6>UN VOEU POUR CHANGER LE MONDE<\/h6><h4>Vous demanderiez quoi ?<\/h4>[vc_column_text]Par ordre de priorit\u00e9 : remplacer les blettes par des g\u00e2teaux, arr\u00eater les guerres et pr\u00e9server la plan\u00e8te, vraiment ![\/vc_column_text][vc_single_image image=\u00a0\u00bb9253\u2033 img_size=\u00a0\u00bbfull\u00a0\u00bb][vc_column_text]<\/p>\n<p style=\"text-align: right;\">Photo credits @Benoitphoto for Impression Originale \u2013 cr\u00e9ations originales de Cut &amp; Fold<\/p>\n<p>[\/vc_column_text][\/vc_column][\/vc_row][vc_row][vc_column][vc_empty_space height=\u00a0\u00bb20px\u00a0\u00bb][vc_separator color=\u00a0\u00bbcustom\u00a0\u00bb el_width=\u00a0\u00bb80\u2033 accent_color=\u00a0\u00bb#999999\u2033]<h6>Vous voulez en savoir plus ?<\/h6><h4>Venez d\u00e9couvrir le monde d'Elsa<\/h4><h6>La citation d'Elsa : \u00ab L\u2019avenir appartient \u00e0 ceux qui croient en la beaut\u00e9 de leurs r\u00eaves\u00bb. De quoi \u00eatre optimiste selon Mrs Eleanor Roosevelt, n\u2019est-ce pas ?<\/h6>[\/vc_column][\/vc_row][vc_row][vc_column width=\u00a0\u00bb1\/3\u2033][vc_single_image image=\u00a0\u00bb9273\u2033 img_size=\u00a0\u00bb200\u00d7200\u2033 alignment=\u00a0\u00bbcenter\u00a0\u00bb onclick=\u00a0\u00bbcustom_link\u00a0\u00bb img_link_target=\u00a0\u00bb_blank\u00a0\u00bb css_animation=\u00a0\u00bbappear\u00a0\u00bb title=\u00a0\u00bbInstagram\u00a0\u00bb link=\u00a0\u00bbhttps:\/\/www.instagram.com\/cutandfolddesign\/\u00a0\u00bb][\/vc_column][vc_column width=\u00a0\u00bb1\/3\u2033][vc_single_image image=\u00a0\u00bb9271\u2033 img_size=\u00a0\u00bb200\u00d7200\u2033 alignment=\u00a0\u00bbcenter\u00a0\u00bb onclick=\u00a0\u00bbcustom_link\u00a0\u00bb img_link_target=\u00a0\u00bb_blank\u00a0\u00bb css_animation=\u00a0\u00bbappear\u00a0\u00bb title=\u00a0\u00bb.com\u00a0\u00bb link=\u00a0\u00bbhttps:\/\/elsa-murail.format.com\/\u00a0\u00bb][\/vc_column][vc_column width=\u00a0\u00bb1\/3\u2033][vc_single_image image=\u00a0\u00bb9269\u2033 img_size=\u00a0\u00bb200\u00d7200\u2033 alignment=\u00a0\u00bbcenter\u00a0\u00bb onclick=\u00a0\u00bbcustom_link\u00a0\u00bb img_link_target=\u00a0\u00bb_blank\u00a0\u00bb css_animation=\u00a0\u00bbappear\u00a0\u00bb title=\u00a0\u00bbPinterest\u00a0\u00bb link=\u00a0\u00bbhttps:\/\/www.pinterest.fr\/elsamurail\/cut-fold\/\u00a0\u00bb][\/vc_column][\/vc_row]<\/p>\n\n\n<\/div>","protected":false},"excerpt":{"rendered":"<p>[vc_row][vc_column][vc_empty_space height=\u00a0\u00bb50px\u00a0\u00bb][vc_empty_space][\/vc_column][\/vc_row][vc_row][vc_column width=\u00a0\u00bb2\/3\u2033][vc_single_image image=\u00a0\u00bb9257\u2033 img_size=\u00a0\u00bb1800\u00d71800\u2033][vc_empty_space height=\u00a0\u00bb20px\u00a0\u00bb][vc_column_text] Je suis originaire de Vend\u00e9e et depuis toute petite j\u2019ai toujours aim\u00e9 cr\u00e9er de mes 10 doigts des objets, bijoux, tissages\u2026 Sans m\u2019en rendre compte, le papier m\u2019a ensuite accompagn\u00e9e tout au long de mes \u00e9tudes de design \u00e0 l\u2019\u00e9cole Boulle puis en \u00e9cole d\u2019architecture. C\u2019\u00e9tait le mat\u00e9riau parfait [&hellip;]<\/p>\n","protected":false},"author":3,"featured_media":9282,"comment_status":"closed","ping_status":"closed","sticky":false,"template":"","format":"standard","meta":{"footnotes":""},"categories":[413],"tags":[447,415,416],"class_list":["post-9286","post","type-post","status-publish","format-standard","has-post-thumbnail","hentry","category-collaboration-fr","tag-artist-fr","tag-paper-fr","tag-paper-cut-fr"],"yoast_head":"<!-- This site is optimized with the Yoast SEO plugin v27.5 - https:\/\/yoast.com\/product\/yoast-seo-wordpress\/ -->\n<title>L&#039;art du papier Visite d&#039;atelier : Cut &amp; Fold - Le journal d&#039;Impression Originale<\/title>\n<meta name=\"description\" content=\"D\u00e9couvrez le travail de Cut &amp; Fold artiste en paper art en collaboration avec IMPRESSION ORIGINALE. Cr\u00e9ations de paper art qui viennent re-interpr\u00e9ter nos designs de papiers cadeaux.\" \/>\n<meta name=\"robots\" content=\"index, follow, max-snippet:-1, max-image-preview:large, max-video-preview:-1\" \/>\n<link rel=\"canonical\" href=\"https:\/\/www.impressionoriginale.com\/fr\/visite-datelier-cut-fold\/\" \/>\n<meta property=\"og:locale\" content=\"fr_FR\" \/>\n<meta property=\"og:type\" content=\"article\" \/>\n<meta property=\"og:title\" content=\"L&#039;art du papier Visite d&#039;atelier : Cut &amp; Fold - Le journal d&#039;Impression Originale\" \/>\n<meta property=\"og:description\" content=\"D\u00e9couvrez le travail de Cut &amp; Fold artiste en paper art en collaboration avec IMPRESSION ORIGINALE. Cr\u00e9ations de paper art qui viennent re-interpr\u00e9ter nos designs de papiers cadeaux.\" \/>\n<meta property=\"og:url\" content=\"https:\/\/www.impressionoriginale.com\/fr\/visite-datelier-cut-fold\/\" \/>\n<meta property=\"og:site_name\" content=\"Impression Originale\" \/>\n<meta property=\"article:published_time\" content=\"2020-11-19T18:25:40+00:00\" \/>\n<meta property=\"article:modified_time\" content=\"2021-02-18T09:01:45+00:00\" \/>\n<meta property=\"og:image\" content=\"https:\/\/www.impressionoriginale.com\/wp-content\/uploads\/2020\/11\/Article_CutFold_SetSummer_IMPRESSIONORIGINALE.jpg\" \/>\n\t<meta property=\"og:image:width\" content=\"1600\" \/>\n\t<meta property=\"og:image:height\" content=\"1067\" \/>\n\t<meta property=\"og:image:type\" content=\"image\/jpeg\" \/>\n<meta name=\"author\" content=\"Mathilde Habert\" \/>\n<meta name=\"twitter:card\" content=\"summary_large_image\" \/>\n<meta name=\"twitter:label1\" content=\"\u00c9crit par\" \/>\n\t<meta name=\"twitter:data1\" content=\"Mathilde Habert\" \/>\n\t<meta name=\"twitter:label2\" content=\"Dur\u00e9e de lecture estim\u00e9e\" \/>\n\t<meta name=\"twitter:data2\" content=\"8 minutes\" \/>\n<script type=\"application\/ld+json\" class=\"yoast-schema-graph\">{\"@context\":\"https:\\\/\\\/schema.org\",\"@graph\":[{\"@type\":\"Article\",\"@id\":\"https:\\\/\\\/www.impressionoriginale.com\\\/fr\\\/visite-datelier-cut-fold\\\/#article\",\"isPartOf\":{\"@id\":\"https:\\\/\\\/www.impressionoriginale.com\\\/fr\\\/visite-datelier-cut-fold\\\/\"},\"author\":{\"name\":\"Mathilde Habert\",\"@id\":\"https:\\\/\\\/www.impressionoriginale.com\\\/fr\\\/#\\\/schema\\\/person\\\/1d8623743523354336bb2fc17445e39c\"},\"headline\":\"Visite d&rsquo;atelier : Cut &#038; Fold\",\"datePublished\":\"2020-11-19T18:25:40+00:00\",\"dateModified\":\"2021-02-18T09:01:45+00:00\",\"mainEntityOfPage\":{\"@id\":\"https:\\\/\\\/www.impressionoriginale.com\\\/fr\\\/visite-datelier-cut-fold\\\/\"},\"wordCount\":1700,\"publisher\":{\"@id\":\"https:\\\/\\\/www.impressionoriginale.com\\\/fr\\\/#organization\"},\"image\":{\"@id\":\"https:\\\/\\\/www.impressionoriginale.com\\\/fr\\\/visite-datelier-cut-fold\\\/#primaryimage\"},\"thumbnailUrl\":\"https:\\\/\\\/www.impressionoriginale.com\\\/wp-content\\\/uploads\\\/2020\\\/11\\\/Article_CutFold_SetSummer_IMPRESSIONORIGINALE.jpg\",\"keywords\":[\"artist\",\"paper\",\"paper cut\"],\"articleSection\":[\"Collaboration\"],\"inLanguage\":\"fr-FR\"},{\"@type\":\"WebPage\",\"@id\":\"https:\\\/\\\/www.impressionoriginale.com\\\/fr\\\/visite-datelier-cut-fold\\\/\",\"url\":\"https:\\\/\\\/www.impressionoriginale.com\\\/fr\\\/visite-datelier-cut-fold\\\/\",\"name\":\"L'art du papier Visite d'atelier : Cut & Fold - Le journal d'Impression Originale\",\"isPartOf\":{\"@id\":\"https:\\\/\\\/www.impressionoriginale.com\\\/fr\\\/#website\"},\"primaryImageOfPage\":{\"@id\":\"https:\\\/\\\/www.impressionoriginale.com\\\/fr\\\/visite-datelier-cut-fold\\\/#primaryimage\"},\"image\":{\"@id\":\"https:\\\/\\\/www.impressionoriginale.com\\\/fr\\\/visite-datelier-cut-fold\\\/#primaryimage\"},\"thumbnailUrl\":\"https:\\\/\\\/www.impressionoriginale.com\\\/wp-content\\\/uploads\\\/2020\\\/11\\\/Article_CutFold_SetSummer_IMPRESSIONORIGINALE.jpg\",\"datePublished\":\"2020-11-19T18:25:40+00:00\",\"dateModified\":\"2021-02-18T09:01:45+00:00\",\"description\":\"D\u00e9couvrez le travail de Cut & Fold artiste en paper art en collaboration avec IMPRESSION ORIGINALE. Cr\u00e9ations de paper art qui viennent re-interpr\u00e9ter nos designs de papiers cadeaux.\",\"breadcrumb\":{\"@id\":\"https:\\\/\\\/www.impressionoriginale.com\\\/fr\\\/visite-datelier-cut-fold\\\/#breadcrumb\"},\"inLanguage\":\"fr-FR\",\"potentialAction\":[{\"@type\":\"ReadAction\",\"target\":[\"https:\\\/\\\/www.impressionoriginale.com\\\/fr\\\/visite-datelier-cut-fold\\\/\"]}]},{\"@type\":\"ImageObject\",\"inLanguage\":\"fr-FR\",\"@id\":\"https:\\\/\\\/www.impressionoriginale.com\\\/fr\\\/visite-datelier-cut-fold\\\/#primaryimage\",\"url\":\"https:\\\/\\\/www.impressionoriginale.com\\\/wp-content\\\/uploads\\\/2020\\\/11\\\/Article_CutFold_SetSummer_IMPRESSIONORIGINALE.jpg\",\"contentUrl\":\"https:\\\/\\\/www.impressionoriginale.com\\\/wp-content\\\/uploads\\\/2020\\\/11\\\/Article_CutFold_SetSummer_IMPRESSIONORIGINALE.jpg\",\"width\":1600,\"height\":1067},{\"@type\":\"BreadcrumbList\",\"@id\":\"https:\\\/\\\/www.impressionoriginale.com\\\/fr\\\/visite-datelier-cut-fold\\\/#breadcrumb\",\"itemListElement\":[{\"@type\":\"ListItem\",\"position\":1,\"name\":\"Home\",\"item\":\"https:\\\/\\\/www.impressionoriginale.com\\\/fr\\\/\"},{\"@type\":\"ListItem\",\"position\":2,\"name\":\"Visite d&#8217;atelier : Cut &#038; Fold\"}]},{\"@type\":\"WebSite\",\"@id\":\"https:\\\/\\\/www.impressionoriginale.com\\\/fr\\\/#website\",\"url\":\"https:\\\/\\\/www.impressionoriginale.com\\\/fr\\\/\",\"name\":\"Impression Originale\",\"description\":\"The art of gifting has a new name. The online store for all your wrapping cravings.\",\"publisher\":{\"@id\":\"https:\\\/\\\/www.impressionoriginale.com\\\/fr\\\/#organization\"},\"potentialAction\":[{\"@type\":\"SearchAction\",\"target\":{\"@type\":\"EntryPoint\",\"urlTemplate\":\"https:\\\/\\\/www.impressionoriginale.com\\\/fr\\\/?s={search_term_string}\"},\"query-input\":{\"@type\":\"PropertyValueSpecification\",\"valueRequired\":true,\"valueName\":\"search_term_string\"}}],\"inLanguage\":\"fr-FR\"},{\"@type\":\"Organization\",\"@id\":\"https:\\\/\\\/www.impressionoriginale.com\\\/fr\\\/#organization\",\"name\":\"Impression Originale\",\"url\":\"https:\\\/\\\/www.impressionoriginale.com\\\/fr\\\/\",\"logo\":{\"@type\":\"ImageObject\",\"inLanguage\":\"fr-FR\",\"@id\":\"https:\\\/\\\/www.impressionoriginale.com\\\/fr\\\/#\\\/schema\\\/logo\\\/image\\\/\",\"url\":\"https:\\\/\\\/www.impressionoriginale.com\\\/wp-content\\\/uploads\\\/2021\\\/08\\\/LOGO-2020-BLACK.png\",\"contentUrl\":\"https:\\\/\\\/www.impressionoriginale.com\\\/wp-content\\\/uploads\\\/2021\\\/08\\\/LOGO-2020-BLACK.png\",\"width\":567,\"height\":567,\"caption\":\"Impression Originale\"},\"image\":{\"@id\":\"https:\\\/\\\/www.impressionoriginale.com\\\/fr\\\/#\\\/schema\\\/logo\\\/image\\\/\"}},{\"@type\":\"Person\",\"@id\":\"https:\\\/\\\/www.impressionoriginale.com\\\/fr\\\/#\\\/schema\\\/person\\\/1d8623743523354336bb2fc17445e39c\",\"name\":\"Mathilde Habert\",\"image\":{\"@type\":\"ImageObject\",\"inLanguage\":\"fr-FR\",\"@id\":\"https:\\\/\\\/secure.gravatar.com\\\/avatar\\\/36920d30d05d5cc3172ef523b451fbc320a9131ca987a89e5636a515e4819fa8?s=96&d=mm&r=g\",\"url\":\"https:\\\/\\\/secure.gravatar.com\\\/avatar\\\/36920d30d05d5cc3172ef523b451fbc320a9131ca987a89e5636a515e4819fa8?s=96&d=mm&r=g\",\"contentUrl\":\"https:\\\/\\\/secure.gravatar.com\\\/avatar\\\/36920d30d05d5cc3172ef523b451fbc320a9131ca987a89e5636a515e4819fa8?s=96&d=mm&r=g\",\"caption\":\"Mathilde Habert\"}}]}<\/script>\n<!-- \/ Yoast SEO plugin. -->","yoast_head_json":{"title":"L'art du papier Visite d'atelier : Cut & Fold - Le journal d'Impression Originale","description":"D\u00e9couvrez le travail de Cut & Fold artiste en paper art en collaboration avec IMPRESSION ORIGINALE. Cr\u00e9ations de paper art qui viennent re-interpr\u00e9ter nos designs de papiers cadeaux.","robots":{"index":"index","follow":"follow","max-snippet":"max-snippet:-1","max-image-preview":"max-image-preview:large","max-video-preview":"max-video-preview:-1"},"canonical":"https:\/\/www.impressionoriginale.com\/fr\/visite-datelier-cut-fold\/","og_locale":"fr_FR","og_type":"article","og_title":"L'art du papier Visite d'atelier : Cut & Fold - Le journal d'Impression Originale","og_description":"D\u00e9couvrez le travail de Cut & Fold artiste en paper art en collaboration avec IMPRESSION ORIGINALE. Cr\u00e9ations de paper art qui viennent re-interpr\u00e9ter nos designs de papiers cadeaux.","og_url":"https:\/\/www.impressionoriginale.com\/fr\/visite-datelier-cut-fold\/","og_site_name":"Impression Originale","article_published_time":"2020-11-19T18:25:40+00:00","article_modified_time":"2021-02-18T09:01:45+00:00","og_image":[{"width":1600,"height":1067,"url":"https:\/\/www.impressionoriginale.com\/wp-content\/uploads\/2020\/11\/Article_CutFold_SetSummer_IMPRESSIONORIGINALE.jpg","type":"image\/jpeg"}],"author":"Mathilde Habert","twitter_card":"summary_large_image","twitter_misc":{"\u00c9crit par":"Mathilde Habert","Dur\u00e9e de lecture estim\u00e9e":"8 minutes"},"schema":{"@context":"https:\/\/schema.org","@graph":[{"@type":"Article","@id":"https:\/\/www.impressionoriginale.com\/fr\/visite-datelier-cut-fold\/#article","isPartOf":{"@id":"https:\/\/www.impressionoriginale.com\/fr\/visite-datelier-cut-fold\/"},"author":{"name":"Mathilde Habert","@id":"https:\/\/www.impressionoriginale.com\/fr\/#\/schema\/person\/1d8623743523354336bb2fc17445e39c"},"headline":"Visite d&rsquo;atelier : Cut &#038; Fold","datePublished":"2020-11-19T18:25:40+00:00","dateModified":"2021-02-18T09:01:45+00:00","mainEntityOfPage":{"@id":"https:\/\/www.impressionoriginale.com\/fr\/visite-datelier-cut-fold\/"},"wordCount":1700,"publisher":{"@id":"https:\/\/www.impressionoriginale.com\/fr\/#organization"},"image":{"@id":"https:\/\/www.impressionoriginale.com\/fr\/visite-datelier-cut-fold\/#primaryimage"},"thumbnailUrl":"https:\/\/www.impressionoriginale.com\/wp-content\/uploads\/2020\/11\/Article_CutFold_SetSummer_IMPRESSIONORIGINALE.jpg","keywords":["artist","paper","paper cut"],"articleSection":["Collaboration"],"inLanguage":"fr-FR"},{"@type":"WebPage","@id":"https:\/\/www.impressionoriginale.com\/fr\/visite-datelier-cut-fold\/","url":"https:\/\/www.impressionoriginale.com\/fr\/visite-datelier-cut-fold\/","name":"L'art du papier Visite d'atelier : Cut & Fold - Le journal d'Impression Originale","isPartOf":{"@id":"https:\/\/www.impressionoriginale.com\/fr\/#website"},"primaryImageOfPage":{"@id":"https:\/\/www.impressionoriginale.com\/fr\/visite-datelier-cut-fold\/#primaryimage"},"image":{"@id":"https:\/\/www.impressionoriginale.com\/fr\/visite-datelier-cut-fold\/#primaryimage"},"thumbnailUrl":"https:\/\/www.impressionoriginale.com\/wp-content\/uploads\/2020\/11\/Article_CutFold_SetSummer_IMPRESSIONORIGINALE.jpg","datePublished":"2020-11-19T18:25:40+00:00","dateModified":"2021-02-18T09:01:45+00:00","description":"D\u00e9couvrez le travail de Cut & Fold artiste en paper art en collaboration avec IMPRESSION ORIGINALE. Cr\u00e9ations de paper art qui viennent re-interpr\u00e9ter nos designs de papiers cadeaux.","breadcrumb":{"@id":"https:\/\/www.impressionoriginale.com\/fr\/visite-datelier-cut-fold\/#breadcrumb"},"inLanguage":"fr-FR","potentialAction":[{"@type":"ReadAction","target":["https:\/\/www.impressionoriginale.com\/fr\/visite-datelier-cut-fold\/"]}]},{"@type":"ImageObject","inLanguage":"fr-FR","@id":"https:\/\/www.impressionoriginale.com\/fr\/visite-datelier-cut-fold\/#primaryimage","url":"https:\/\/www.impressionoriginale.com\/wp-content\/uploads\/2020\/11\/Article_CutFold_SetSummer_IMPRESSIONORIGINALE.jpg","contentUrl":"https:\/\/www.impressionoriginale.com\/wp-content\/uploads\/2020\/11\/Article_CutFold_SetSummer_IMPRESSIONORIGINALE.jpg","width":1600,"height":1067},{"@type":"BreadcrumbList","@id":"https:\/\/www.impressionoriginale.com\/fr\/visite-datelier-cut-fold\/#breadcrumb","itemListElement":[{"@type":"ListItem","position":1,"name":"Home","item":"https:\/\/www.impressionoriginale.com\/fr\/"},{"@type":"ListItem","position":2,"name":"Visite d&#8217;atelier : Cut &#038; Fold"}]},{"@type":"WebSite","@id":"https:\/\/www.impressionoriginale.com\/fr\/#website","url":"https:\/\/www.impressionoriginale.com\/fr\/","name":"Impression Originale","description":"The art of gifting has a new name. The online store for all your wrapping cravings.","publisher":{"@id":"https:\/\/www.impressionoriginale.com\/fr\/#organization"},"potentialAction":[{"@type":"SearchAction","target":{"@type":"EntryPoint","urlTemplate":"https:\/\/www.impressionoriginale.com\/fr\/?s={search_term_string}"},"query-input":{"@type":"PropertyValueSpecification","valueRequired":true,"valueName":"search_term_string"}}],"inLanguage":"fr-FR"},{"@type":"Organization","@id":"https:\/\/www.impressionoriginale.com\/fr\/#organization","name":"Impression Originale","url":"https:\/\/www.impressionoriginale.com\/fr\/","logo":{"@type":"ImageObject","inLanguage":"fr-FR","@id":"https:\/\/www.impressionoriginale.com\/fr\/#\/schema\/logo\/image\/","url":"https:\/\/www.impressionoriginale.com\/wp-content\/uploads\/2021\/08\/LOGO-2020-BLACK.png","contentUrl":"https:\/\/www.impressionoriginale.com\/wp-content\/uploads\/2021\/08\/LOGO-2020-BLACK.png","width":567,"height":567,"caption":"Impression Originale"},"image":{"@id":"https:\/\/www.impressionoriginale.com\/fr\/#\/schema\/logo\/image\/"}},{"@type":"Person","@id":"https:\/\/www.impressionoriginale.com\/fr\/#\/schema\/person\/1d8623743523354336bb2fc17445e39c","name":"Mathilde Habert","image":{"@type":"ImageObject","inLanguage":"fr-FR","@id":"https:\/\/secure.gravatar.com\/avatar\/36920d30d05d5cc3172ef523b451fbc320a9131ca987a89e5636a515e4819fa8?s=96&d=mm&r=g","url":"https:\/\/secure.gravatar.com\/avatar\/36920d30d05d5cc3172ef523b451fbc320a9131ca987a89e5636a515e4819fa8?s=96&d=mm&r=g","contentUrl":"https:\/\/secure.gravatar.com\/avatar\/36920d30d05d5cc3172ef523b451fbc320a9131ca987a89e5636a515e4819fa8?s=96&d=mm&r=g","caption":"Mathilde Habert"}}]}},"_links":{"self":[{"href":"https:\/\/www.impressionoriginale.com\/fr\/wp-json\/wp\/v2\/posts\/9286","targetHints":{"allow":["GET"]}}],"collection":[{"href":"https:\/\/www.impressionoriginale.com\/fr\/wp-json\/wp\/v2\/posts"}],"about":[{"href":"https:\/\/www.impressionoriginale.com\/fr\/wp-json\/wp\/v2\/types\/post"}],"author":[{"embeddable":true,"href":"https:\/\/www.impressionoriginale.com\/fr\/wp-json\/wp\/v2\/users\/3"}],"replies":[{"embeddable":true,"href":"https:\/\/www.impressionoriginale.com\/fr\/wp-json\/wp\/v2\/comments?post=9286"}],"version-history":[{"count":0,"href":"https:\/\/www.impressionoriginale.com\/fr\/wp-json\/wp\/v2\/posts\/9286\/revisions"}],"wp:featuredmedia":[{"embeddable":true,"href":"https:\/\/www.impressionoriginale.com\/fr\/wp-json\/wp\/v2\/media\/9282"}],"wp:attachment":[{"href":"https:\/\/www.impressionoriginale.com\/fr\/wp-json\/wp\/v2\/media?parent=9286"}],"wp:term":[{"taxonomy":"category","embeddable":true,"href":"https:\/\/www.impressionoriginale.com\/fr\/wp-json\/wp\/v2\/categories?post=9286"},{"taxonomy":"post_tag","embeddable":true,"href":"https:\/\/www.impressionoriginale.com\/fr\/wp-json\/wp\/v2\/tags?post=9286"}],"curies":[{"name":"wp","href":"https:\/\/api.w.org\/{rel}","templated":true}]}}